{"id":632,"date":"2025-09-10T08:39:21","date_gmt":"2025-09-10T08:39:21","guid":{"rendered":"https:\/\/helendoron.de\/bonn-nord\/?p=632"},"modified":"2025-09-10T09:04:32","modified_gmt":"2025-09-10T09:04:32","slug":"ferienkurse-sommer-2026","status":"publish","type":"post","link":"https:\/\/helendoron.de\/bonn-nord\/2025\/09\/10\/ferienkurse-sommer-2026\/","title":{"rendered":"Ferienkurse Sommer 2026 erste Ferienwoche"},"content":{"rendered":"<h1><strong>Sommerferien:<\/strong><\/h1>\n<p><strong>1. Woche 20.-24.Juli 26: FIT F\u00dcR DIE F\u00dcNF<\/strong> (5 Tage) book &amp; stream Preis: 265,-\u20ac<\/p>\n<p><span style=\"color: #00ccff\">Altersgruppe 9-11 Jahre, <\/span>Uhrzeit 9-14 Uhr. Dies ist ein Kurs f\u00fcr neue Kinder, die bisher keinen Unterricht bei uns gehabt habe und sich auf die weiterf\u00fchrende Schule vorbereiten wollen oder gemerkt haben, dass jetzt in der f\u00fcnften Klasse einiges fehlt. Auch unsere Sch\u00fcler*innen k\u00f6nnen mitmachen, wenn sie bisher nicht das &#8222;Paul Ward Explores&#8220; Programm absolviert haben. Kursleitung: Emma<\/p>\n<p>Bitte meldet Euch fr\u00fchzeitig, da die Kurse nur mit mindestens 5 Teilnehmern stattfinden. Anmeldeschluss ist jeweils 1 Monat vor Kursbeginn. Mehr Infos gibt es telefonisch, so kann auch das Anmeldeformular angefordert werden<\/p>\n","protected":false},"excerpt":{"rendered":"<p>Sommerferien: 1. Woche 20.-24.Juli 26: FIT F\u00dcR DIE F\u00dcNF (5 Tage) book &amp; stream Preis: 265,-\u20ac Altersgruppe 9-11 Jahre, Uhrzeit 9-14 Uhr. Dies ist ein Kurs f\u00fcr neue Kinder, die bisher keinen Unterricht bei uns gehabt habe und sich auf die weiterf\u00fchrende Schule vorbereiten wollen oder gemerkt haben, dass jetzt in der f\u00fcnften Klasse einiges [&hellip;]<\/p>\n","protected":false},"author":81,"featured_media":625,"comment_status":"open","ping_status":"open","sticky":false,"template":"","format":"standard","meta":{"_acf_changed":false,"content-type":"","inline_featured_image":false,"footnotes":""},"categories":[1],"tags":[],"class_list":["post-632","post","type-post","status-publish","format-standard","has-post-thumbnail","hentry","category-uncategorized"],"acf":[],"yoast_head":"<!-- This site is optimized with the Yoast SEO plugin v27.5 - https:\/\/yoast.com\/product\/yoast-seo-wordpress\/ -->\n<title>Ferienkurse Sommer 2026 erste Ferienwoche - Helen Doron English Bonn-Nord<\/title>\n<meta name=\"robots\" content=\"noindex, follow, max-snippet:-1, max-image-preview:large, max-video-preview:-1\" \/>\n<meta property=\"og:locale\" content=\"de_DE\" \/>\n<meta property=\"og:type\" content=\"article\" \/>\n<meta property=\"og:title\" content=\"Ferienkurse Sommer 2026 erste Ferienwoche - Helen Doron English Bonn-Nord\" \/>\n<meta property=\"og:description\" content=\"Sommerferien: 1. Woche 20.-24.Juli 26: FIT F\u00dcR DIE F\u00dcNF (5 Tage) book &amp; stream Preis: 265,-\u20ac Altersgruppe 9-11 Jahre, Uhrzeit 9-14 Uhr. Dies ist ein Kurs f\u00fcr neue Kinder, die bisher keinen Unterricht bei uns gehabt habe und sich auf die weiterf\u00fchrende Schule vorbereiten wollen oder gemerkt haben, dass jetzt in der f\u00fcnften Klasse einiges [&hellip;]\" \/>\n<meta property=\"og:url\" content=\"https:\/\/helendoron.de\/bonn-nord\/2025\/09\/10\/ferienkurse-sommer-2026\/\" \/>\n<meta property=\"og:site_name\" content=\"Helen Doron English Bonn-Nord\" \/>\n<meta property=\"article:publisher\" content=\"https:\/\/www.facebook.com\/helendoronbonn\" \/>\n<meta property=\"article:author\" content=\"https:\/\/www.facebook.com\/helendoronbonn\" \/>\n<meta property=\"article:published_time\" content=\"2025-09-10T08:39:21+00:00\" \/>\n<meta property=\"article:modified_time\" content=\"2025-09-10T09:04:32+00:00\" \/>\n<meta property=\"og:image\" content=\"https:\/\/helendoron.de\/bonn-nord\/wp-content\/uploads\/sites\/86\/2025\/09\/2026-Summer-camp-Emma-Fit-fuer-die-Fuenf.jpg\" \/>\n\t<meta property=\"og:image:width\" content=\"695\" \/>\n\t<meta property=\"og:image:height\" content=\"900\" \/>\n\t<meta property=\"og:image:type\" content=\"image\/jpeg\" \/>\n<meta name=\"author\" content=\"bonnnord\" \/>\n<meta name=\"twitter:card\" content=\"summary_large_image\" \/>\n<meta name=\"twitter:label1\" content=\"Verfasst von\" \/>\n\t<meta name=\"twitter:data1\" content=\"bonnnord\" \/>\n\t<meta name=\"twitter:label2\" content=\"Gesch\u00e4tzte Lesezeit\" \/>\n\t<meta name=\"twitter:data2\" content=\"1\u00a0Minute\" \/>\n<script type=\"application\/ld+json\" class=\"yoast-schema-graph\">{\"@context\":\"https:\\\/\\\/schema.org\",\"@graph\":[{\"@type\":\"Article\",\"@id\":\"https:\\\/\\\/helendoron.de\\\/bonn-nord\\\/2025\\\/09\\\/10\\\/ferienkurse-sommer-2026\\\/#article\",\"isPartOf\":{\"@id\":\"https:\\\/\\\/helendoron.de\\\/bonn-nord\\\/2025\\\/09\\\/10\\\/ferienkurse-sommer-2026\\\/\"},\"author\":{\"name\":\"bonnnord\",\"@id\":\"https:\\\/\\\/helendoron.de\\\/bonn-nord\\\/#\\\/schema\\\/person\\\/75ccb5318b374a89c85042adb1baab7e\"},\"headline\":\"Ferienkurse Sommer 2026 erste Ferienwoche\",\"datePublished\":\"2025-09-10T08:39:21+00:00\",\"dateModified\":\"2025-09-10T09:04:32+00:00\",\"mainEntityOfPage\":{\"@id\":\"https:\\\/\\\/helendoron.de\\\/bonn-nord\\\/2025\\\/09\\\/10\\\/ferienkurse-sommer-2026\\\/\"},\"wordCount\":115,\"commentCount\":0,\"publisher\":{\"@id\":\"https:\\\/\\\/helendoron.de\\\/bonn-nord\\\/#organization\"},\"image\":{\"@id\":\"https:\\\/\\\/helendoron.de\\\/bonn-nord\\\/2025\\\/09\\\/10\\\/ferienkurse-sommer-2026\\\/#primaryimage\"},\"thumbnailUrl\":\"https:\\\/\\\/helendoron.de\\\/bonn-nord\\\/wp-content\\\/uploads\\\/sites\\\/86\\\/2025\\\/09\\\/2026-Summer-camp-Emma-Fit-fuer-die-Fuenf.jpg\",\"articleSection\":[\"Uncategorized\"],\"inLanguage\":\"de\",\"potentialAction\":[{\"@type\":\"CommentAction\",\"name\":\"Comment\",\"target\":[\"https:\\\/\\\/helendoron.de\\\/bonn-nord\\\/2025\\\/09\\\/10\\\/ferienkurse-sommer-2026\\\/#respond\"]}]},{\"@type\":\"WebPage\",\"@id\":\"https:\\\/\\\/helendoron.de\\\/bonn-nord\\\/2025\\\/09\\\/10\\\/ferienkurse-sommer-2026\\\/\",\"url\":\"https:\\\/\\\/helendoron.de\\\/bonn-nord\\\/2025\\\/09\\\/10\\\/ferienkurse-sommer-2026\\\/\",\"name\":\"Ferienkurse Sommer 2026 erste Ferienwoche - Helen Doron English Bonn-Nord\",\"isPartOf\":{\"@id\":\"https:\\\/\\\/helendoron.de\\\/bonn-nord\\\/#website\"},\"primaryImageOfPage\":{\"@id\":\"https:\\\/\\\/helendoron.de\\\/bonn-nord\\\/2025\\\/09\\\/10\\\/ferienkurse-sommer-2026\\\/#primaryimage\"},\"image\":{\"@id\":\"https:\\\/\\\/helendoron.de\\\/bonn-nord\\\/2025\\\/09\\\/10\\\/ferienkurse-sommer-2026\\\/#primaryimage\"},\"thumbnailUrl\":\"https:\\\/\\\/helendoron.de\\\/bonn-nord\\\/wp-content\\\/uploads\\\/sites\\\/86\\\/2025\\\/09\\\/2026-Summer-camp-Emma-Fit-fuer-die-Fuenf.jpg\",\"datePublished\":\"2025-09-10T08:39:21+00:00\",\"dateModified\":\"2025-09-10T09:04:32+00:00\",\"breadcrumb\":{\"@id\":\"https:\\\/\\\/helendoron.de\\\/bonn-nord\\\/2025\\\/09\\\/10\\\/ferienkurse-sommer-2026\\\/#breadcrumb\"},\"inLanguage\":\"de\",\"potentialAction\":[{\"@type\":\"ReadAction\",\"target\":[\"https:\\\/\\\/helendoron.de\\\/bonn-nord\\\/2025\\\/09\\\/10\\\/ferienkurse-sommer-2026\\\/\"]}]},{\"@type\":\"ImageObject\",\"inLanguage\":\"de\",\"@id\":\"https:\\\/\\\/helendoron.de\\\/bonn-nord\\\/2025\\\/09\\\/10\\\/ferienkurse-sommer-2026\\\/#primaryimage\",\"url\":\"https:\\\/\\\/helendoron.de\\\/bonn-nord\\\/wp-content\\\/uploads\\\/sites\\\/86\\\/2025\\\/09\\\/2026-Summer-camp-Emma-Fit-fuer-die-Fuenf.jpg\",\"contentUrl\":\"https:\\\/\\\/helendoron.de\\\/bonn-nord\\\/wp-content\\\/uploads\\\/sites\\\/86\\\/2025\\\/09\\\/2026-Summer-camp-Emma-Fit-fuer-die-Fuenf.jpg\",\"width\":695,\"height\":900},{\"@type\":\"BreadcrumbList\",\"@id\":\"https:\\\/\\\/helendoron.de\\\/bonn-nord\\\/2025\\\/09\\\/10\\\/ferienkurse-sommer-2026\\\/#breadcrumb\",\"itemListElement\":[{\"@type\":\"ListItem\",\"position\":1,\"name\":\"Home\",\"item\":\"https:\\\/\\\/helendoron.de\\\/bonn-nord\\\/\"},{\"@type\":\"ListItem\",\"position\":2,\"name\":\"Ferienkurse Sommer 2026 erste Ferienwoche\"}]},{\"@type\":\"WebSite\",\"@id\":\"https:\\\/\\\/helendoron.de\\\/bonn-nord\\\/#website\",\"url\":\"https:\\\/\\\/helendoron.de\\\/bonn-nord\\\/\",\"name\":\"Helen Doron English Bonn-Nord\",\"description\":\"Englisch f\u00fcr Kinder mit Spass\",\"publisher\":{\"@id\":\"https:\\\/\\\/helendoron.de\\\/bonn-nord\\\/#organization\"},\"potentialAction\":[{\"@type\":\"SearchAction\",\"target\":{\"@type\":\"EntryPoint\",\"urlTemplate\":\"https:\\\/\\\/helendoron.de\\\/bonn-nord\\\/?s={search_term_string}\"},\"query-input\":{\"@type\":\"PropertyValueSpecification\",\"valueRequired\":true,\"valueName\":\"search_term_string\"}}],\"inLanguage\":\"de\"},{\"@type\":\"Organization\",\"@id\":\"https:\\\/\\\/helendoron.de\\\/bonn-nord\\\/#organization\",\"name\":\"Helen Doron\",\"url\":\"https:\\\/\\\/helendoron.de\\\/bonn-nord\\\/\",\"logo\":{\"@type\":\"ImageObject\",\"inLanguage\":\"de\",\"@id\":\"https:\\\/\\\/helendoron.de\\\/bonn-nord\\\/#\\\/schema\\\/logo\\\/image\\\/\",\"url\":\"https:\\\/\\\/helendoron.de\\\/bonn-nord\\\/wp-content\\\/uploads\\\/sites\\\/86\\\/2022\\\/05\\\/FB_Logo-06.jpg\",\"contentUrl\":\"https:\\\/\\\/helendoron.de\\\/bonn-nord\\\/wp-content\\\/uploads\\\/sites\\\/86\\\/2022\\\/05\\\/FB_Logo-06.jpg\",\"width\":751,\"height\":751,\"caption\":\"Helen Doron\"},\"image\":{\"@id\":\"https:\\\/\\\/helendoron.de\\\/bonn-nord\\\/#\\\/schema\\\/logo\\\/image\\\/\"},\"sameAs\":[\"https:\\\/\\\/www.facebook.com\\\/helendoronbonn\",\"https:\\\/\\\/www.instagram.com\\\/englischkinderbonn\\\/\"]},{\"@type\":\"Person\",\"@id\":\"https:\\\/\\\/helendoron.de\\\/bonn-nord\\\/#\\\/schema\\\/person\\\/75ccb5318b374a89c85042adb1baab7e\",\"name\":\"bonnnord\",\"image\":{\"@type\":\"ImageObject\",\"inLanguage\":\"de\",\"@id\":\"https:\\\/\\\/secure.gravatar.com\\\/avatar\\\/f4ec6147c04db174259d373232ded4c258eb82fd4be89c0180c5c71c1b5cbe3f?s=96&d=mm&r=g\",\"url\":\"https:\\\/\\\/secure.gravatar.com\\\/avatar\\\/f4ec6147c04db174259d373232ded4c258eb82fd4be89c0180c5c71c1b5cbe3f?s=96&d=mm&r=g\",\"contentUrl\":\"https:\\\/\\\/secure.gravatar.com\\\/avatar\\\/f4ec6147c04db174259d373232ded4c258eb82fd4be89c0180c5c71c1b5cbe3f?s=96&d=mm&r=g\",\"caption\":\"bonnnord\"},\"sameAs\":[\"https:\\\/\\\/www.facebook.com\\\/helendoronbonn\",\"https:\\\/\\\/www.instagram.com\\\/englischkinderbonn\\\/\"],\"url\":\"https:\\\/\\\/helendoron.de\\\/bonn-nord\\\/author\\\/bonnnord\\\/\"}]}<\/script>\n<!-- \/ Yoast SEO plugin. -->","yoast_head_json":{"title":"Ferienkurse Sommer 2026 erste Ferienwoche - Helen Doron English Bonn-Nord","robots":{"index":"noindex","follow":"follow","max-snippet":"max-snippet:-1","max-image-preview":"max-image-preview:large","max-video-preview":"max-video-preview:-1"},"og_locale":"de_DE","og_type":"article","og_title":"Ferienkurse Sommer 2026 erste Ferienwoche - Helen Doron English Bonn-Nord","og_description":"Sommerferien: 1. Woche 20.-24.Juli 26: FIT F\u00dcR DIE F\u00dcNF (5 Tage) book &amp; stream Preis: 265,-\u20ac Altersgruppe 9-11 Jahre, Uhrzeit 9-14 Uhr. Dies ist ein Kurs f\u00fcr neue Kinder, die bisher keinen Unterricht bei uns gehabt habe und sich auf die weiterf\u00fchrende Schule vorbereiten wollen oder gemerkt haben, dass jetzt in der f\u00fcnften Klasse einiges [&hellip;]","og_url":"https:\/\/helendoron.de\/bonn-nord\/2025\/09\/10\/ferienkurse-sommer-2026\/","og_site_name":"Helen Doron English Bonn-Nord","article_publisher":"https:\/\/www.facebook.com\/helendoronbonn","article_author":"https:\/\/www.facebook.com\/helendoronbonn","article_published_time":"2025-09-10T08:39:21+00:00","article_modified_time":"2025-09-10T09:04:32+00:00","og_image":[{"width":695,"height":900,"url":"https:\/\/helendoron.de\/bonn-nord\/wp-content\/uploads\/sites\/86\/2025\/09\/2026-Summer-camp-Emma-Fit-fuer-die-Fuenf.jpg","type":"image\/jpeg"}],"author":"bonnnord","twitter_card":"summary_large_image","twitter_misc":{"Verfasst von":"bonnnord","Gesch\u00e4tzte Lesezeit":"1\u00a0Minute"},"schema":{"@context":"https:\/\/schema.org","@graph":[{"@type":"Article","@id":"https:\/\/helendoron.de\/bonn-nord\/2025\/09\/10\/ferienkurse-sommer-2026\/#article","isPartOf":{"@id":"https:\/\/helendoron.de\/bonn-nord\/2025\/09\/10\/ferienkurse-sommer-2026\/"},"author":{"name":"bonnnord","@id":"https:\/\/helendoron.de\/bonn-nord\/#\/schema\/person\/75ccb5318b374a89c85042adb1baab7e"},"headline":"Ferienkurse Sommer 2026 erste Ferienwoche","datePublished":"2025-09-10T08:39:21+00:00","dateModified":"2025-09-10T09:04:32+00:00","mainEntityOfPage":{"@id":"https:\/\/helendoron.de\/bonn-nord\/2025\/09\/10\/ferienkurse-sommer-2026\/"},"wordCount":115,"commentCount":0,"publisher":{"@id":"https:\/\/helendoron.de\/bonn-nord\/#organization"},"image":{"@id":"https:\/\/helendoron.de\/bonn-nord\/2025\/09\/10\/ferienkurse-sommer-2026\/#primaryimage"},"thumbnailUrl":"https:\/\/helendoron.de\/bonn-nord\/wp-content\/uploads\/sites\/86\/2025\/09\/2026-Summer-camp-Emma-Fit-fuer-die-Fuenf.jpg","articleSection":["Uncategorized"],"inLanguage":"de","potentialAction":[{"@type":"CommentAction","name":"Comment","target":["https:\/\/helendoron.de\/bonn-nord\/2025\/09\/10\/ferienkurse-sommer-2026\/#respond"]}]},{"@type":"WebPage","@id":"https:\/\/helendoron.de\/bonn-nord\/2025\/09\/10\/ferienkurse-sommer-2026\/","url":"https:\/\/helendoron.de\/bonn-nord\/2025\/09\/10\/ferienkurse-sommer-2026\/","name":"Ferienkurse Sommer 2026 erste Ferienwoche - Helen Doron English Bonn-Nord","isPartOf":{"@id":"https:\/\/helendoron.de\/bonn-nord\/#website"},"primaryImageOfPage":{"@id":"https:\/\/helendoron.de\/bonn-nord\/2025\/09\/10\/ferienkurse-sommer-2026\/#primaryimage"},"image":{"@id":"https:\/\/helendoron.de\/bonn-nord\/2025\/09\/10\/ferienkurse-sommer-2026\/#primaryimage"},"thumbnailUrl":"https:\/\/helendoron.de\/bonn-nord\/wp-content\/uploads\/sites\/86\/2025\/09\/2026-Summer-camp-Emma-Fit-fuer-die-Fuenf.jpg","datePublished":"2025-09-10T08:39:21+00:00","dateModified":"2025-09-10T09:04:32+00:00","breadcrumb":{"@id":"https:\/\/helendoron.de\/bonn-nord\/2025\/09\/10\/ferienkurse-sommer-2026\/#breadcrumb"},"inLanguage":"de","potentialAction":[{"@type":"ReadAction","target":["https:\/\/helendoron.de\/bonn-nord\/2025\/09\/10\/ferienkurse-sommer-2026\/"]}]},{"@type":"ImageObject","inLanguage":"de","@id":"https:\/\/helendoron.de\/bonn-nord\/2025\/09\/10\/ferienkurse-sommer-2026\/#primaryimage","url":"https:\/\/helendoron.de\/bonn-nord\/wp-content\/uploads\/sites\/86\/2025\/09\/2026-Summer-camp-Emma-Fit-fuer-die-Fuenf.jpg","contentUrl":"https:\/\/helendoron.de\/bonn-nord\/wp-content\/uploads\/sites\/86\/2025\/09\/2026-Summer-camp-Emma-Fit-fuer-die-Fuenf.jpg","width":695,"height":900},{"@type":"BreadcrumbList","@id":"https:\/\/helendoron.de\/bonn-nord\/2025\/09\/10\/ferienkurse-sommer-2026\/#breadcrumb","itemListElement":[{"@type":"ListItem","position":1,"name":"Home","item":"https:\/\/helendoron.de\/bonn-nord\/"},{"@type":"ListItem","position":2,"name":"Ferienkurse Sommer 2026 erste Ferienwoche"}]},{"@type":"WebSite","@id":"https:\/\/helendoron.de\/bonn-nord\/#website","url":"https:\/\/helendoron.de\/bonn-nord\/","name":"Helen Doron English Bonn-Nord","description":"Englisch f\u00fcr Kinder mit Spass","publisher":{"@id":"https:\/\/helendoron.de\/bonn-nord\/#organization"},"potentialAction":[{"@type":"SearchAction","target":{"@type":"EntryPoint","urlTemplate":"https:\/\/helendoron.de\/bonn-nord\/?s={search_term_string}"},"query-input":{"@type":"PropertyValueSpecification","valueRequired":true,"valueName":"search_term_string"}}],"inLanguage":"de"},{"@type":"Organization","@id":"https:\/\/helendoron.de\/bonn-nord\/#organization","name":"Helen Doron","url":"https:\/\/helendoron.de\/bonn-nord\/","logo":{"@type":"ImageObject","inLanguage":"de","@id":"https:\/\/helendoron.de\/bonn-nord\/#\/schema\/logo\/image\/","url":"https:\/\/helendoron.de\/bonn-nord\/wp-content\/uploads\/sites\/86\/2022\/05\/FB_Logo-06.jpg","contentUrl":"https:\/\/helendoron.de\/bonn-nord\/wp-content\/uploads\/sites\/86\/2022\/05\/FB_Logo-06.jpg","width":751,"height":751,"caption":"Helen Doron"},"image":{"@id":"https:\/\/helendoron.de\/bonn-nord\/#\/schema\/logo\/image\/"},"sameAs":["https:\/\/www.facebook.com\/helendoronbonn","https:\/\/www.instagram.com\/englischkinderbonn\/"]},{"@type":"Person","@id":"https:\/\/helendoron.de\/bonn-nord\/#\/schema\/person\/75ccb5318b374a89c85042adb1baab7e","name":"bonnnord","image":{"@type":"ImageObject","inLanguage":"de","@id":"https:\/\/secure.gravatar.com\/avatar\/f4ec6147c04db174259d373232ded4c258eb82fd4be89c0180c5c71c1b5cbe3f?s=96&d=mm&r=g","url":"https:\/\/secure.gravatar.com\/avatar\/f4ec6147c04db174259d373232ded4c258eb82fd4be89c0180c5c71c1b5cbe3f?s=96&d=mm&r=g","contentUrl":"https:\/\/secure.gravatar.com\/avatar\/f4ec6147c04db174259d373232ded4c258eb82fd4be89c0180c5c71c1b5cbe3f?s=96&d=mm&r=g","caption":"bonnnord"},"sameAs":["https:\/\/www.facebook.com\/helendoronbonn","https:\/\/www.instagram.com\/englischkinderbonn\/"],"url":"https:\/\/helendoron.de\/bonn-nord\/author\/bonnnord\/"}]}},"_links":{"self":[{"href":"https:\/\/helendoron.de\/bonn-nord\/wp-json\/wp\/v2\/posts\/632","targetHints":{"allow":["GET"]}}],"collection":[{"href":"https:\/\/helendoron.de\/bonn-nord\/wp-json\/wp\/v2\/posts"}],"about":[{"href":"https:\/\/helendoron.de\/bonn-nord\/wp-json\/wp\/v2\/types\/post"}],"author":[{"embeddable":true,"href":"https:\/\/helendoron.de\/bonn-nord\/wp-json\/wp\/v2\/users\/81"}],"replies":[{"embeddable":true,"href":"https:\/\/helendoron.de\/bonn-nord\/wp-json\/wp\/v2\/comments?post=632"}],"version-history":[{"count":5,"href":"https:\/\/helendoron.de\/bonn-nord\/wp-json\/wp\/v2\/posts\/632\/revisions"}],"predecessor-version":[{"id":657,"href":"https:\/\/helendoron.de\/bonn-nord\/wp-json\/wp\/v2\/posts\/632\/revisions\/657"}],"wp:featuredmedia":[{"embeddable":true,"href":"https:\/\/helendoron.de\/bonn-nord\/wp-json\/wp\/v2\/media\/625"}],"wp:attachment":[{"href":"https:\/\/helendoron.de\/bonn-nord\/wp-json\/wp\/v2\/media?parent=632"}],"wp:term":[{"taxonomy":"category","embeddable":true,"href":"https:\/\/helendoron.de\/bonn-nord\/wp-json\/wp\/v2\/categories?post=632"},{"taxonomy":"post_tag","embeddable":true,"href":"https:\/\/helendoron.de\/bonn-nord\/wp-json\/wp\/v2\/tags?post=632"}],"curies":[{"name":"wp","href":"https:\/\/api.w.org\/{rel}","templated":true}]}}